{"id":8094,"date":"2026-03-09T08:00:00","date_gmt":"2026-03-09T07:00:00","guid":{"rendered":"https:\/\/www.situma.es\/?p=8094"},"modified":"2026-03-10T22:51:13","modified_gmt":"2026-03-10T21:51:13","slug":"quieres-ponerle-cara-a-la-candidatura-de-situma","status":"publish","type":"post","link":"https:\/\/www.situma.es\/?p=8094","title":{"rendered":"\u00bfQuieres ponerle cara a la candidatura de SITUMA?"},"content":{"rendered":"\n<p><strong>SITUMA, el sindicato de las personas, humano, cercano. SITUMA est\u00e1 contigo, te acompa\u00f1a y te defiende, independientemente de ideolog\u00edas y sensibilidades pol\u00edticas. SITUMA est\u00e1 para ayudarte, y en ello se aferra cada d\u00eda.<\/strong><\/p>\n\n\n\n<p>En SITUMA siempre decimos que <strong>somos el sindicato de las personas<\/strong>, y por eso creemos que lo mejor es que <strong>sean las propias personas quienes hablen<\/strong>.<\/p>\n\n\n\n<p>Hemos publicado en nuestras redes sociales (<a href=\"https:\/\/www.tiktok.com\/@sindicatosituma\" data-type=\"URL\" data-id=\"https:\/\/www.tiktok.com\/@sindicatosituma\">TikTok<\/a>, <a href=\"https:\/\/www.instagram.com\/sindicatosituma\" data-type=\"URL\" data-id=\"https:\/\/www.instagram.com\/sindicatosituma\" target=\"_blank\" rel=\"noreferrer noopener\">Instagram<\/a>, <a href=\"https:\/\/www.youtube.com\/@situmasindicato2874\" data-type=\"URL\" data-id=\"https:\/\/www.youtube.com\/@situmasindicato2874\" target=\"_blank\" rel=\"noreferrer noopener\">YouTube<\/a>) una serie de <strong>peque\u00f1os v\u00eddeos de nuestros candidatos y candidatas a las elecciones del PDI<\/strong>, en los que cuentan, en primera persona, <strong>qu\u00e9 es SITUMA para ellos y por qu\u00e9 han decidido dar el paso de formar parte de esta candidatura<\/strong>.<\/p>\n\n\n\n<p>Son v\u00eddeos breves, cercanos y muy personales. En ellos descubrir\u00e1s a compa\u00f1eros y compa\u00f1eras que creen en una forma de hacer sindicalismo <strong>humana, cercana y comprometida con la Universidad de M\u00e1laga<\/strong>.<\/p>\n\n\n\n<p>Si quieres conocer mejor a quienes forman parte de nuestra candidatura\u2026 <strong>te invitamos a dedicarles un minuto<\/strong>:&#8230; Porque detr\u00e1s de cada candidatura <strong>hay personas, ideas y compromiso<\/strong>&#8230; Y recuerda:<\/p>\n\n\n\n<h3 class=\"has-text-align-center\"><strong>El pr\u00f3ximo 12 de marzo tu voto cuenta.<br>Crecemos CONTIGO.<\/strong><\/h3>\n\n\n<style>\n\/* Simple styling to make the table look good in WordPress if pasted directly *\/\n.situma-table {\n  border-collapse: collapse;\n  width: 100%;\n  font-family: Arial, Helvetica, sans-serif;\n  font-size: 14px;\n}\n.situma-table th, .situma-table td {\n  border: 1px solid #ddd;\n  padding: 8px;\n  text-align: left;\n}\n.situma-table th {\n  background-color: #778899;\n  font-weight: 600;\n}\n.situma-table tr:nth-child(even){background-color: #E6E6FA;}\n.situma-table tr:hover {background-color: #f1f1f1;}\n<\/style>\n\n\n<table class=\"dataframe situma-table\">\n<thead>\n<tr style=\"text-align: right;\">\n<th>N\u00ba orden<\/th>\n<th>Nombre<\/th>\n<th>Centro<\/th>\n<\/tr>\n<\/thead>\n<tbody>\n<tr>\n<td>1<\/td>\n<td><a href=\"https:\/\/www.tiktok.com\/@sindicatosituma\/video\/7614131925715864854\" target=\"_blank\" rel=\"noopener\">CARLOS MANUEL DEL PINO PE\u00d1AS<\/a><\/td>\n<td>INDUSTRIALES<\/td>\n<\/tr>\n<tr>\n<td>2<\/td>\n<td><a href=\"https:\/\/www.tiktok.com\/@sindicatosituma\/video\/7614491834244631810\" target=\"_blank\" rel=\"noopener\">MERCEDES FERN\u00c1NDEZ PARADAS<\/a><\/td>\n<td>FILOSOF\u00cdA Y LETRAS<\/td>\n<\/tr>\n<tr>\n<td>3<\/td>\n<td><a href=\"https:\/\/www.tiktok.com\/@sindicatosituma\/video\/7614133210552798486\" target=\"_blank\" rel=\"noopener\">JUAN FALGUERAS CANO<\/a><\/td>\n<td>INFORM\u00c1TICA<\/td>\n<\/tr>\n<tr>\n<td>4<\/td>\n<td><a href=\"https:\/\/www.tiktok.com\/@sindicatosituma\/video\/7614132699770440982\" target=\"_blank\" rel=\"noopener\">ESTHER D\u00cdAZ MOHEDO<\/a><\/td>\n<td>CIENCIAS DE LA SALUD<\/td>\n<\/tr>\n<tr>\n<td>5<\/td>\n<td><a href=\"https:\/\/www.tiktok.com\/@sindicatosituma\/video\/7614133552816344342\" target=\"_blank\" rel=\"noopener\">ANTONIO RUIZ MOLINA<\/a><\/td>\n<td>ECON\u00d3MICAS<\/td>\n<\/tr>\n<tr>\n<td>6<\/td>\n<td><a href=\"https:\/\/www.tiktok.com\/@sindicatosituma\/video\/7614491378776624406\" target=\"_blank\" rel=\"noopener\">JOS\u00c9 IGNACIO PEL\u00c1EZ S\u00c1NCHEZ<\/a><\/td>\n<td>INFORM\u00c1TICA<\/td>\n<\/tr>\n<tr>\n<td>7<\/td>\n<td>EUGENIA FERN\u00c1NDEZ MART\u00cdN<\/td>\n<td>CIENCIAS DE LA EDUCACI\u00d3N<\/td>\n<\/tr>\n<tr>\n<td>8<\/td>\n<td>JUAN JES\u00daS BRAVO CARO<\/td>\n<td>FILOSOF\u00cdA Y LETRAS<\/td>\n<\/tr>\n<tr>\n<td>9<\/td>\n<td>ROSARIO MERCEDES P\u00c9REZ COLODRERO<\/td>\n<td>CIENCIAS<\/td>\n<\/tr>\n<tr>\n<td>10<\/td>\n<td>ANTONIO CARRILLO LE\u00d3N<\/td>\n<td>INDUSTRIALES<\/td>\n<\/tr>\n<tr>\n<td>11<\/td>\n<td>ALFONSO GAGO CALDER\u00d3N<\/td>\n<td>INDUSTRIALES<\/td>\n<\/tr>\n<tr>\n<td>12<\/td>\n<td><a href=\"https:\/\/www.tiktok.com\/@sindicatosituma\/video\/7614132984513301782\" target=\"_blank\" rel=\"noopener\">CRISTINA GARC\u00cdA SANCHO<\/a><\/td>\n<td>CIENCIAS<\/td>\n<\/tr>\n<tr>\n<td>13<\/td>\n<td>PEDRO L\u00c1ZARO LEGAZ<\/td>\n<td>TELECOMUNICACI\u00d3N<\/td>\n<\/tr>\n<tr>\n<td>14<\/td>\n<td>MIGUEL \u00c1NGEL ASENSIO S\u00c1NCHEZ<\/td>\n<td>DERECHO<\/td>\n<\/tr>\n<tr>\n<td>15<\/td>\n<td>MAR\u00cdA ISABEL ALBA DORADO<\/td>\n<td>ARQUITECTURA<\/td>\n<\/tr>\n<tr>\n<td>16<\/td>\n<td>JUAN JOS\u00c9 NATERA RIVAS<\/td>\n<td>FILOSOF\u00cdA Y LETRAS<\/td>\n<\/tr>\n<tr>\n<td>17<\/td>\n<td>ANDREAS REUL<\/td>\n<td>CIENCIAS<\/td>\n<\/tr>\n<tr>\n<td>18<\/td>\n<td>PATRICIA IGLESIAS S\u00c1NCHEZ<\/td>\n<td>MARKETING Y GESTI\u00d3N<\/td>\n<\/tr>\n<tr>\n<td>19<\/td>\n<td>RICARDO V\u00c1ZQUEZ MART\u00cdN<\/td>\n<td>INDUSTRIALES<\/td>\n<\/tr>\n<tr>\n<td>20<\/td>\n<td>MANUEL JES\u00daS MART\u00cdN V\u00c1ZQUEZ<\/td>\n<td>INDUSTRIALES<\/td>\n<\/tr>\n<tr>\n<td>21<\/td>\n<td>REMEDIOS LARRUBIA VARGAS<\/td>\n<td>FILOSOF\u00cdA Y LETRAS<\/td>\n<\/tr>\n<tr>\n<td>22<\/td>\n<td>FRANCISCO JAVIER BAR\u00d3N L\u00d3PEZ<\/td>\n<td>CC DE LA SALUD<\/td>\n<\/tr>\n<tr>\n<td>23<\/td>\n<td>PEDRO JOS\u00c9 REYES IGLESIAS<\/td>\n<td>TELECOMUNICACI\u00d3N<\/td>\n<\/tr>\n<tr>\n<td>24<\/td>\n<td>MAR\u00cdA CARMEN ARANDA GARRIDO<\/td>\n<td>INDUSTRIALES<\/td>\n<\/tr>\n<tr>\n<td>25<\/td>\n<td><a href=\"https:\/\/youtube.com\/shorts\/IX2SEQgrfmk?is=w1GjXsGCtgPn5EdK\" target=\"_blank\" rel=\"noopener\">DANIEL MAYORGA VEGA<\/a><\/td>\n<td>CIENCIAS DE LA EDUCACI\u00d3N<\/td>\n<\/tr>\n<tr>\n<td>26<\/td>\n<td>RAFAEL BECERRA VICARIO<\/td>\n<td>ECON\u00d3MICAS<\/td>\n<\/tr>\n<tr>\n<td>27<\/td>\n<td>JES\u00daS MOLINA G\u00d3MEZ<\/td>\n<td>MARKETING Y GESTI\u00d3N<\/td>\n<\/tr>\n<tr>\n<td>28<\/td>\n<td>FRANCISCO FERN\u00c1NDEZ HERN\u00c1NDEZ<\/td>\n<td>INDUSTRIALES<\/td>\n<\/tr>\n<tr>\n<td>29<\/td>\n<td>EDUARDO S\u00c1NCHEZ GUERRERO<\/td>\n<td>CIENCIAS DE LA SALUD<\/td>\n<\/tr>\n<tr>\n<td>30<\/td>\n<td>JOS\u00c9 GALINDO G\u00d3MEZ<\/td>\n<td>INDUSTRIALES<\/td>\n<\/tr>\n<tr>\n<td>31<\/td>\n<td>MANUEL \u00c1NGEL FERN\u00c1NDEZ G\u00c1MEZ<\/td>\n<td>ECON\u00d3MICAS<\/td>\n<\/tr>\n<tr>\n<td>32<\/td>\n<td>JOS\u00c9 MANUEL GARC\u00cdA-MANRIQUE OCA\u00d1A<\/td>\n<td>INDUSTRIALES<\/td>\n<\/tr>\n<tr>\n<td>33<\/td>\n<td>ANA ISABEL G\u00d3MEZ MERINO<\/td>\n<td>INDUSTRIALES<\/td>\n<\/tr>\n<\/tbody>\n<\/table>\n\n\n<p class=\"has-text-align-center\"><strong>El 12 de marzo tienes la oportunidad de decidir.<\/strong><\/p>\n\n\n\n<p class=\"has-text-align-center\"><strong>Queremos una Junta de PDI fuerte, independiente y \u00fatil.<br>Queremos seguir creciendo junto al PDI.<\/strong><\/p>\n\n\n\n<p class=\"has-text-align-center\"><strong>SITUMA crece contigo.<\/strong><\/p>\n\n\n\n<p class=\"has-text-align-center\"><strong>Estamos aqu\u00ed. Estamos contigo.<\/strong><\/p>\n\n\n\n<p class=\"has-text-align-center\"><strong>12 de marzo: VOTA SITUMA<\/strong><\/p>\n","protected":false},"excerpt":{"rendered":"<p>SITUMA, el sindicato de las personas, humano, cercano. SITUMA est\u00e1 contigo, te acompa\u00f1a y te defiende, independientemente de ideolog\u00edas y sensibilidades pol\u00edticas. SITUMA est\u00e1<\/p>\n","protected":false},"author":2,"featured_media":8107,"comment_status":"open","ping_status":"closed","sticky":false,"template":"","format":"standard","meta":{"jetpack_publicize_message":"","jetpack_is_tweetstorm":false,"jetpack_publicize_feature_enabled":true,"jetpack_social_post_already_shared":true,"jetpack_social_options":[]},"categories":[13,18,33,1],"tags":[],"jetpack_publicize_connections":[],"jetpack_featured_media_url":"https:\/\/www.situma.es\/wp-content\/uploads\/2026\/03\/20260309_quienesSomos.jpg","jetpack_sharing_enabled":true,"jetpack_likes_enabled":true,"_links":{"self":[{"href":"https:\/\/www.situma.es\/index.php?rest_route=\/wp\/v2\/posts\/8094"}],"collection":[{"href":"https:\/\/www.situma.es\/index.php?rest_route=\/wp\/v2\/posts"}],"about":[{"href":"https:\/\/www.situma.es\/index.php?rest_route=\/wp\/v2\/types\/post"}],"author":[{"embeddable":true,"href":"https:\/\/www.situma.es\/index.php?rest_route=\/wp\/v2\/users\/2"}],"replies":[{"embeddable":true,"href":"https:\/\/www.situma.es\/index.php?rest_route=%2Fwp%2Fv2%2Fcomments&post=8094"}],"version-history":[{"count":17,"href":"https:\/\/www.situma.es\/index.php?rest_route=\/wp\/v2\/posts\/8094\/revisions"}],"predecessor-version":[{"id":8165,"href":"https:\/\/www.situma.es\/index.php?rest_route=\/wp\/v2\/posts\/8094\/revisions\/8165"}],"wp:featuredmedia":[{"embeddable":true,"href":"https:\/\/www.situma.es\/index.php?rest_route=\/wp\/v2\/media\/8107"}],"wp:attachment":[{"href":"https:\/\/www.situma.es\/index.php?rest_route=%2Fwp%2Fv2%2Fmedia&parent=8094"}],"wp:term":[{"taxonomy":"category","embeddable":true,"href":"https:\/\/www.situma.es\/index.php?rest_route=%2Fwp%2Fv2%2Fcategories&post=8094"},{"taxonomy":"post_tag","embeddable":true,"href":"https:\/\/www.situma.es\/index.php?rest_route=%2Fwp%2Fv2%2Ftags&post=8094"}],"curies":[{"name":"wp","href":"https:\/\/api.w.org\/{rel}","templated":true}]}}