{"id":8140,"date":"2026-03-10T23:50:00","date_gmt":"2026-03-10T22:50:00","guid":{"rendered":"https:\/\/www.situma.es\/?p=8140"},"modified":"2026-03-10T23:55:14","modified_gmt":"2026-03-10T22:55:14","slug":"tu-tienes-la-voz-es-el-momento-del-cambio-vota-situma","status":"publish","type":"post","link":"https:\/\/www.situma.es\/?p=8140","title":{"rendered":"T\u00fa tienes la voz. Es el momento del cambio. VOTA SITUMA"},"content":{"rendered":"\n<p>Estimadas compa\u00f1eras y compa\u00f1eros,<\/p>\n\n\n\n<p>Durante estos d\u00edas de campa\u00f1a hemos compartido con vosotros nuestras propuestas, nuestras ideas y, sobre todo, <strong>las personas que forman parte de la candidatura de SITUMA a la Junta de PDI<\/strong>.<\/p>\n\n\n\n<p>Pero esta campa\u00f1a no ha sido solo de mensajes y propuestas. <strong>Como hacemos durante todo el a\u00f1o, nos hemos reunido con muchos compa\u00f1eros y compa\u00f1eras<\/strong>, escuchando sus preocupaciones, recogiendo sus impresiones y compartiendo inquietudes sobre el presente y el futuro del PDI en nuestra Universidad.<\/p>\n\n\n\n<p>Porque creemos que <strong>la representaci\u00f3n empieza escuchando<\/strong>.<\/p>\n\n\n\n<p>En estas elecciones presentamos una <strong>lista renovada<\/strong>, con <strong>nuevas incorporaciones<\/strong>, <strong>nuevas ideas<\/strong> y la <strong>misma ilusi\u00f3n de siempre<\/strong> por seguir ayudando y defendiendo al profesorado.<\/p>\n\n\n\n<p>Nuestra candidatura est\u00e1 formada por <strong>personas que han decidido dar un paso al frente<\/strong> para trabajar por una representaci\u00f3n m\u00e1s cercana, m\u00e1s transparente y m\u00e1s comprometida con el profesorado.<\/p>\n\n\n\n<p>Hemos querido hacer una campa\u00f1a <strong><a href=\"https:\/\/vm.tiktok.com\/ZNRupnbwS\/\" data-type=\"URL\" data-id=\"https:\/\/vm.tiktok.com\/ZNRupnbwS\/\" target=\"_blank\" rel=\"noreferrer noopener\">poniendo rostro a nuestra candidatura y hablando claro<\/a><\/strong>, porque el sindicalismo, para nosotros, se construye <strong>desde la cercan\u00eda y el contacto directo con las personas<\/strong>.<\/p>\n\n\n\n<p>Ahora llega el momento importante. <strong>El jueves tenemos la oportunidad de decidir qu\u00e9 voz queremos en la Junta de PDI.<\/strong> La oportunidad de apostar por una representaci\u00f3n que <strong>escuche <\/strong>al profesorado, que <strong>defienda con firmeza<\/strong> sus derechos y que <strong>trabaje con cercan\u00eda, independencia y compromiso<\/strong>.<\/p>\n\n\n\n<p>Si crees que es momento de <strong>renovar, sumar y dar un nuevo impulso<\/strong> a la representaci\u00f3n del PDI, el jueves 12 de marzo tienes la palabra.<\/p>\n\n\n\n<p>En SITUMA creemos que hay momentos para hablar\u2026 y momentos para respetar el silencio de la jornada de reflexi\u00f3n.<\/p>\n\n\n\n<p>El jueves no solo votamos una candidatura; votamos el modelo de representaci\u00f3n que queremos para el profesorado de nuestra Universidad: una representaci\u00f3n cercana, independiente y comprometida con las personas.<\/p>\n\n\n\n<h4 class=\"has-text-align-center\">El jueves 12 de marzo, <strong>VOTA SITUMA<\/strong><\/h4>\n\n\n\n<h4 class=\"has-text-align-center\">Porque <strong>SITUMA es el sindicato de las personas<\/strong>.<\/h4>\n\n\n\n<h4 class=\"has-text-align-center\">Porque <strong>tu VOZ cuenta<\/strong>.<\/h4>\n\n\n\n<h4 class=\"has-text-align-center\"><strong>Crecemos CONTIGO.<\/strong><\/h4>\n\n\n\n<hr class=\"wp-block-separator has-alpha-channel-opacity\"\/>\n\n\n\n<h4>Conoce a las personas de la candidatura de SITUMA<\/h4>\n\n\n\n<p>Durante esta campa\u00f1a <a href=\"https:\/\/vm.tiktok.com\/ZNRupnbwS\/\" data-type=\"URL\" data-id=\"https:\/\/vm.tiktok.com\/ZNRupnbwS\/\" target=\"_blank\" rel=\"noreferrer noopener\">hemos querido poner rostro a nuestra candidatura<\/a>. Aqu\u00ed puedes ver a algunos de nuestras compa\u00f1eras y compa\u00f1eros y conocerlos brevemente:<\/p>\n\n\n\n<style>\n\/* Simple styling to make the table look good in WordPress if pasted directly *\/\n.situma-table {\n  border-collapse: collapse;\n  width: 100%;\n  font-family: Arial, Helvetica, sans-serif;\n  font-size: 14px;\n}\n.situma-table th, .situma-table td {\n  border: 1px solid #ddd;\n  padding: 8px;\n  text-align: left;\n}\n.situma-table th {\n  background-color: #778899;\n  font-weight: 600;\n}\n.situma-table tr:nth-child(even){background-color: #E6E6FA;}\n.situma-table tr:hover {background-color: #f1f1f1;}\n<\/style>\n<\/head>\n<body>\n<table class=\"dataframe situma-table\">\n<thead>\n<tr style=\"text-align: right;\">\n<th>N\u00ba orden<\/th>\n<th>Nombre<\/th>\n<th>Centro<\/th>\n<\/tr>\n<\/thead>\n<tbody>\n<tr>\n<td>1<\/td>\n<td><a href=\"https:\/\/www.tiktok.com\/@sindicatosituma\/video\/7614131925715864854\" target=\"_blank\" rel=\"noopener\">CARLOS MANUEL DEL PINO PE\u00d1AS<\/a><\/td>\n<td>INDUSTRIALES<\/td>\n<\/tr>\n<tr>\n<td>2<\/td>\n<td><a href=\"https:\/\/www.tiktok.com\/@sindicatosituma\/video\/7614491834244631810\" target=\"_blank\" rel=\"noopener\">MERCEDES FERN\u00c1NDEZ PARADAS<\/a><\/td>\n<td>FILOSOF\u00cdA Y LETRAS<\/td>\n<\/tr>\n<tr>\n<td>3<\/td>\n<td><a href=\"https:\/\/www.tiktok.com\/@sindicatosituma\/video\/7614133210552798486\" target=\"_blank\" rel=\"noopener\">JUAN FALGUERAS CANO<\/a><\/td>\n<td>INFORM\u00c1TICA<\/td>\n<\/tr>\n<tr>\n<td>4<\/td>\n<td><a href=\"https:\/\/www.tiktok.com\/@sindicatosituma\/video\/7614132699770440982\" target=\"_blank\" rel=\"noopener\">ESTHER D\u00cdAZ MOHEDO<\/a><\/td>\n<td>CIENCIAS DE LA SALUD<\/td>\n<\/tr>\n<tr>\n<td>5<\/td>\n<td><a href=\"https:\/\/www.tiktok.com\/@sindicatosituma\/video\/7614133552816344342\" target=\"_blank\" rel=\"noopener\">ANTONIO RUIZ MOLINA<\/a><\/td>\n<td>ECON\u00d3MICAS<\/td>\n<\/tr>\n<tr>\n<td>6<\/td>\n<td><a href=\"https:\/\/www.tiktok.com\/@sindicatosituma\/video\/7614491378776624406\" target=\"_blank\" rel=\"noopener\">JOS\u00c9 IGNACIO PEL\u00c1EZ S\u00c1NCHEZ<\/a><\/td>\n<td>INFORM\u00c1TICA<\/td>\n<\/tr>\n<tr>\n<td>7<\/td>\n<td>EUGENIA FERN\u00c1NDEZ MART\u00cdN<\/td>\n<td>CIENCIAS DE LA EDUCACI\u00d3N<\/td>\n<\/tr>\n<tr>\n<td>8<\/td>\n<td>JUAN JES\u00daS BRAVO CARO<\/td>\n<td>FILOSOF\u00cdA Y LETRAS<\/td>\n<\/tr>\n<tr>\n<td>9<\/td>\n<td>ROSARIO MERCEDES P\u00c9REZ COLODRERO<\/td>\n<td>CIENCIAS<\/td>\n<\/tr>\n<tr>\n<td>10<\/td>\n<td>ANTONIO CARRILLO LE\u00d3N<\/td>\n<td>INDUSTRIALES<\/td>\n<\/tr>\n<tr>\n<td>11<\/td>\n<td>ALFONSO GAGO CALDER\u00d3N<\/td>\n<td>INDUSTRIALES<\/td>\n<\/tr>\n<tr>\n<td>12<\/td>\n<td><a href=\"https:\/\/www.tiktok.com\/@sindicatosituma\/video\/7614132984513301782\" target=\"_blank\" rel=\"noopener\">CRISTINA GARC\u00cdA SANCHO<\/a><\/td>\n<td>CIENCIAS<\/td>\n<\/tr>\n<tr>\n<td>13<\/td>\n<td>PEDRO L\u00c1ZARO LEGAZ<\/td>\n<td>TELECOMUNICACI\u00d3N<\/td>\n<\/tr>\n<tr>\n<td>14<\/td>\n<td>MIGUEL \u00c1NGEL ASENSIO S\u00c1NCHEZ<\/td>\n<td>DERECHO<\/td>\n<\/tr>\n<tr>\n<td>15<\/td>\n<td>MAR\u00cdA ISABEL ALBA DORADO<\/td>\n<td>ARQUITECTURA<\/td>\n<\/tr>\n<tr>\n<td>16<\/td>\n<td>JUAN JOS\u00c9 NATERA RIVAS<\/td>\n<td>FILOSOF\u00cdA Y LETRAS<\/td>\n<\/tr>\n<tr>\n<td>17<\/td>\n<td>ANDREAS REUL<\/td>\n<td>CIENCIAS<\/td>\n<\/tr>\n<tr>\n<td>18<\/td>\n<td>PATRICIA IGLESIAS S\u00c1NCHEZ<\/td>\n<td>MARKETING Y GESTI\u00d3N<\/td>\n<\/tr>\n<tr>\n<td>19<\/td>\n<td>RICARDO V\u00c1ZQUEZ MART\u00cdN<\/td>\n<td>INDUSTRIALES<\/td>\n<\/tr>\n<tr>\n<td>20<\/td>\n<td>MANUEL JES\u00daS MART\u00cdN V\u00c1ZQUEZ<\/td>\n<td>INDUSTRIALES<\/td>\n<\/tr>\n<tr>\n<td>21<\/td>\n<td>REMEDIOS LARRUBIA VARGAS<\/td>\n<td>FILOSOF\u00cdA Y LETRAS<\/td>\n<\/tr>\n<tr>\n<td>22<\/td>\n<td>FRANCISCO JAVIER BAR\u00d3N L\u00d3PEZ<\/td>\n<td>CC DE LA SALUD<\/td>\n<\/tr>\n<tr>\n<td>23<\/td>\n<td>PEDRO JOS\u00c9 REYES IGLESIAS<\/td>\n<td>TELECOMUNICACI\u00d3N<\/td>\n<\/tr>\n<tr>\n<td>24<\/td>\n<td>MAR\u00cdA CARMEN ARANDA GARRIDO<\/td>\n<td>INDUSTRIALES<\/td>\n<\/tr>\n<tr>\n<td>25<\/td>\n<td><a href=\"https:\/\/youtube.com\/shorts\/IX2SEQgrfmk?is=w1GjXsGCtgPn5EdK\" target=\"_blank\" rel=\"noopener\">DANIEL MAYORGA VEGA<\/a><\/td>\n<td>CIENCIAS DE LA EDUCACI\u00d3N<\/td>\n<\/tr>\n<tr>\n<td>26<\/td>\n<td>RAFAEL BECERRA VICARIO<\/td>\n<td>ECON\u00d3MICAS<\/td>\n<\/tr>\n<tr>\n<td>27<\/td>\n<td>JES\u00daS MOLINA G\u00d3MEZ<\/td>\n<td>MARKETING Y GESTI\u00d3N<\/td>\n<\/tr>\n<tr>\n<td>28<\/td>\n<td>FRANCISCO FERN\u00c1NDEZ HERN\u00c1NDEZ<\/td>\n<td>INDUSTRIALES<\/td>\n<\/tr>\n<tr>\n<td>29<\/td>\n<td>EDUARDO S\u00c1NCHEZ GUERRERO<\/td>\n<td>CIENCIAS DE LA SALUD<\/td>\n<\/tr>\n<tr>\n<td>30<\/td>\n<td>JOS\u00c9 GALINDO G\u00d3MEZ<\/td>\n<td>INDUSTRIALES<\/td>\n<\/tr>\n<tr>\n<td>31<\/td>\n<td>MANUEL \u00c1NGEL FERN\u00c1NDEZ G\u00c1MEZ<\/td>\n<td>ECON\u00d3MICAS<\/td>\n<\/tr>\n<tr>\n<td>32<\/td>\n<td>JOS\u00c9 MANUEL GARC\u00cdA-MANRIQUE OCA\u00d1A<\/td>\n<td>INDUSTRIALES<\/td>\n<\/tr>\n<tr>\n<td>33<\/td>\n<td>ANA ISABEL G\u00d3MEZ MERINO<\/td>\n<td>INDUSTRIALES<\/td>\n<\/tr>\n<\/tbody>\n<\/table>\n","protected":false},"excerpt":{"rendered":"<p>Estimadas compa\u00f1eras y compa\u00f1eros, Durante estos d\u00edas de campa\u00f1a hemos compartido con vosotros nuestras propuestas, nuestras ideas y, sobre todo, las personas que forman<\/p>\n","protected":false},"author":2,"featured_media":8143,"comment_status":"open","ping_status":"closed","sticky":false,"template":"","format":"standard","meta":{"jetpack_publicize_message":"","jetpack_is_tweetstorm":false,"jetpack_publicize_feature_enabled":true,"jetpack_social_post_already_shared":true,"jetpack_social_options":[]},"categories":[13,18,33],"tags":[],"jetpack_publicize_connections":[],"jetpack_featured_media_url":"https:\/\/www.situma.es\/wp-content\/uploads\/2026\/03\/20260310_votaSITUMA.jpg","jetpack_sharing_enabled":true,"jetpack_likes_enabled":true,"_links":{"self":[{"href":"https:\/\/www.situma.es\/index.php?rest_route=\/wp\/v2\/posts\/8140"}],"collection":[{"href":"https:\/\/www.situma.es\/index.php?rest_route=\/wp\/v2\/posts"}],"about":[{"href":"https:\/\/www.situma.es\/index.php?rest_route=\/wp\/v2\/types\/post"}],"author":[{"embeddable":true,"href":"https:\/\/www.situma.es\/index.php?rest_route=\/wp\/v2\/users\/2"}],"replies":[{"embeddable":true,"href":"https:\/\/www.situma.es\/index.php?rest_route=%2Fwp%2Fv2%2Fcomments&post=8140"}],"version-history":[{"count":9,"href":"https:\/\/www.situma.es\/index.php?rest_route=\/wp\/v2\/posts\/8140\/revisions"}],"predecessor-version":[{"id":8171,"href":"https:\/\/www.situma.es\/index.php?rest_route=\/wp\/v2\/posts\/8140\/revisions\/8171"}],"wp:featuredmedia":[{"embeddable":true,"href":"https:\/\/www.situma.es\/index.php?rest_route=\/wp\/v2\/media\/8143"}],"wp:attachment":[{"href":"https:\/\/www.situma.es\/index.php?rest_route=%2Fwp%2Fv2%2Fmedia&parent=8140"}],"wp:term":[{"taxonomy":"category","embeddable":true,"href":"https:\/\/www.situma.es\/index.php?rest_route=%2Fwp%2Fv2%2Fcategories&post=8140"},{"taxonomy":"post_tag","embeddable":true,"href":"https:\/\/www.situma.es\/index.php?rest_route=%2Fwp%2Fv2%2Ftags&post=8140"}],"curies":[{"name":"wp","href":"https:\/\/api.w.org\/{rel}","templated":true}]}}