{"id":8192,"date":"2026-04-27T08:50:54","date_gmt":"2026-04-27T06:50:54","guid":{"rendered":"https:\/\/www.situma.es\/?p=8192"},"modified":"2026-04-27T09:22:30","modified_gmt":"2026-04-27T07:22:30","slug":"diarioreuniones-consejogobierno-mesanegociacion-comisionteletrabajo","status":"publish","type":"post","link":"https:\/\/www.situma.es\/?p=8192","title":{"rendered":"#diarioReuniones #consejoGobierno #mesaNegociaci\u00f3n #comisi\u00f3nTeletrabajo"},"content":{"rendered":"\n<p>Estimadas\/os compa\u00f1eras\/os:<\/p>\n\n\n\n<p>Os informamos de las reuniones que se celebraron la semana pasada en las que SITUMA ha participado de forma activa para defender los intereses del Personal T\u00e9cnico, de Gesti\u00f3n, de Administraci\u00f3n y Servicios de la Universidad de M\u00e1laga.<\/p>\n\n\n\n<ul>\n<li><a href=\"https:\/\/www.situma.es\/?p=8192#consejoGobierno\" data-type=\"URL\" data-id=\"https:\/\/www.situma.es\/?p=8192#consejoGobierno\">Consejo de Gobierno \u2013 mi\u00e9rcoles 22 de abril<\/a><\/li>\n\n\n\n<li><a href=\"https:\/\/www.situma.es\/?p=8192#mesa\" data-type=\"URL\" data-id=\"https:\/\/www.situma.es\/?p=8192#mesa\">Mesa de Negociaci\u00f3n del PTGAS \u2013 lunes 20 de abril<\/a><\/li>\n\n\n\n<li><a href=\"https:\/\/www.situma.es\/?p=8192#teletrabajo\" data-type=\"URL\" data-id=\"https:\/\/www.situma.es\/?p=8192#teletrabajo\">Comisi\u00f3n de Seguimiento y Evaluaci\u00f3n del Teletrabajo \u2013 lunes 20 de abril<\/a><\/li>\n<\/ul>\n\n\n\n<h3><a name=\"consejoGobierno\"><\/a>CONSEJO DE GOBIERNO<\/h3>\n\n\n\n<p>En la sesi\u00f3n del Consejo de Gobierno celebrada el pasado mi\u00e9rcoles por la ma\u00f1ana, el \u00fanico punto del orden del d\u00eda que afectaba al PTGAS fue la aprobaci\u00f3n del <a href=\"https:\/\/www.situma.es\/wp-content\/uploads\/2026\/04\/a.-Plan-Plurianual-Accion-Social-2026-2029.pdf\" data-type=\"URL\" data-id=\"https:\/\/www.situma.es\/wp-content\/uploads\/2026\/04\/a.-Plan-Plurianual-Accion-Social-2026-2029.pdf\" target=\"_blank\" rel=\"noreferrer noopener\">Plan Plurianual de Acci\u00f3n Social 2026\/2029<\/a>. Dicho plan fue aprobado por mayor\u00eda, con el voto en contra de SITUMA, al no compartir los recortes que se vienen aplicando en materia de Acci\u00f3n Social desde 2024.<\/p>\n\n\n\n<p>Asimismo, desde SITUMA hicimos uso del <a href=\"https:\/\/www.situma.es\/wp-content\/uploads\/2026\/04\/20260420_PreguntasConsejoGobierno.pdf\" data-type=\"URL\" data-id=\"https:\/\/www.situma.es\/wp-content\/uploads\/2026\/04\/20260420_PreguntasConsejoGobierno.pdf\" target=\"_blank\" rel=\"noreferrer noopener\">turno de ruegos y preguntas para plantear diversas cuestiones<\/a>, obteniendo las siguientes respuestas:<\/p>\n\n\n\n<p><strong><u>Participaci\u00f3n en los presupuestos<\/u><\/strong><\/p>\n\n\n\n<p>Se reiter\u00f3 la necesidad de una participaci\u00f3n real y con la suficiente antelaci\u00f3n de las secciones sindicales y \u00f3rganos de representaci\u00f3n en la elaboraci\u00f3n de los presupuestos de la Universidad, a trav\u00e9s de las Mesas de Negociaci\u00f3n. Actualmente, su an\u00e1lisis se limita a una fase muy avanzada, con escaso margen de tiempo (24-48 horas), lo que dificulta cualquier aportaci\u00f3n efectiva.<\/p>\n\n\n\n<p>El Rector comprendi\u00f3 la petici\u00f3n y, aunque record\u00f3 que los presupuestos responden a la estrategia del Equipo de Direcci\u00f3n, se mostr\u00f3 favorable a facilitar su presentaci\u00f3n con mayor antelaci\u00f3n para permitir el an\u00e1lisis y la formulaci\u00f3n de propuestas por parte de la representaci\u00f3n del personal.<\/p>\n\n\n\n<p><strong><u>Convenio UMA\u2013CITAC y transparencia<\/u><\/strong><\/p>\n\n\n\n<p>Ante la <a href=\"https:\/\/www.situma.es\/wp-content\/uploads\/2026\/04\/20260226_solicitudConvenio_y_TransparenciaActiva.pdf\" data-type=\"URL\" data-id=\"https:\/\/www.situma.es\/wp-content\/uploads\/2026\/04\/20260226_solicitudConvenio_y_TransparenciaActiva.pdf\" target=\"_blank\" rel=\"noreferrer noopener\">solicitud del texto \u00edntegro del convenio con la Fundaci\u00f3n CITAC y la mejora del Portal de Transparencia,<\/a> la Secretar\u00eda General inform\u00f3 de que su entrega est\u00e1 pendiente de la celebraci\u00f3n del Patronato de la Fundaci\u00f3n, que debe pronunciarse sobre la posible difusi\u00f3n completa del documento.<\/p>\n\n\n\n<p><strong><u>Informaci\u00f3n fiscal (Renta 2025)<\/u><\/strong><\/p>\n\n\n\n<p>Se trasladaron varias cuestiones sobre el retraso, formato y falta de claridad en la comunicaci\u00f3n remitida por Gerencia. La respuesta result\u00f3 poco concreta, sin reconocimiento de las deficiencias se\u00f1aladas. Como aspecto principal, se reiter\u00f3 que los atrasos del 2,5% abonados en enero de 2026 no est\u00e1n incluidos en los certificados de retenciones de 2025, debiendo incorporarse en la declaraci\u00f3n conforme a la normativa vigente (mediante ajuste en borrador o declaraci\u00f3n complementaria).<\/p>\n\n\n\n<p><strong><u>Recortes en Acci\u00f3n Social<\/u><\/strong><\/p>\n\n\n\n<p>SITUMA denunci\u00f3 la reducci\u00f3n del presupuesto en ayudas sociales no autom\u00e1ticas desde 2024 y se solicit\u00f3 informaci\u00f3n sobre su recuperaci\u00f3n. La Gerencia justific\u00f3 el porcentaje global de gasto en acci\u00f3n social incorporando conceptos que no se corresponden estrictamente con estas ayudas, como el presupuesto de la Escuela Infantil, y que no est\u00e1n recogidos ni en el Reglamento ni en el Plan Plurianual de Acci\u00f3n Social.<\/p>\n\n\n\n<p>Desde SITUMA se rechaz\u00f3 esta interpretaci\u00f3n, al considerar que desvirt\u00faa el concepto real de acci\u00f3n social y dificulta una valoraci\u00f3n transparente de los recursos destinados a la misma. Asimismo, recordamos a la Gerente que tanto el Reglamento de Acci\u00f3n Social como el Plan Plurianual aprobado por el Consejo de Gobierno delimitan claramente qu\u00e9 partidas deben ser consideradas como tales en este \u00e1mbito.<\/p>\n\n\n\n<p>En este sentido, desde SITUMA insistimos en la necesidad de ajustarse a dichos criterios y evitar interpretaciones que pretendan justificar una situaci\u00f3n que, en la pr\u00e1ctica, se traduce en recortes en las ayudas de acci\u00f3n social no autom\u00e1tica desde 2024.<\/p>\n\n\n\n<p><strong><u>Puntos de recarga de veh\u00edculos el\u00e9ctricos<\/u><\/strong><\/p>\n\n\n\n<p>Se plante\u00f3 la posibilidad de convertir los puntos de recarga en fuente de ingresos, dado su uso por personas ajenas a la Universidad. El Vicerrector de Infraestructuras inform\u00f3 de que se est\u00e1 trabajando en ello, con previsi\u00f3n de licitar su explotaci\u00f3n e incorporar aproximadamente 200 nuevos puntos.<\/p>\n\n\n\n<p><strong><u>Uso de aparcamientos universitarios<\/u><\/strong><\/p>\n\n\n\n<p>Se pregunt\u00f3 por la posible regulaci\u00f3n del uso de aparcamientos por personas externas como v\u00eda de ingresos, especialmente en zonas pr\u00f3ximas al Metro o al Hospital Cl\u00ednico, as\u00ed como por el aprovechamiento del campus de El Ejido en periodos no lectivos. El Vicerrector indic\u00f3 que se est\u00e1 avanzando en esta l\u00ednea, en coordinaci\u00f3n con el Ayuntamiento, incluyendo la regularizaci\u00f3n de suelos y la posible generaci\u00f3n de ingresos.<\/p>\n\n\n\n<h3><a name=\"mesa\"><\/a>MESA DE NEGOCIACI\u00d3N DEL PTGAS<strong>&nbsp;<\/strong><\/h3>\n\n\n\n<p>El pasado lunes, desde las 11:00 horas, se reuni\u00f3 la Mesa de Negociaci\u00f3n del PTGAS con el siguiente orden del d\u00eda:<\/p>\n\n\n\n<ol type=\"1\">\n<li>Aprobaci\u00f3n, si procede, del Acta de la reuni\u00f3n de la Mesa de 6 de febrero de 2026.<\/li>\n\n\n\n<li>Informe de la Delegaci\u00f3n del Rector de las acciones realizadas desde la \u00faltima sesi\u00f3n de la Mesa.<\/li>\n\n\n\n<li>Aprobaci\u00f3n, en su caso, de modificaciones del Anexo I.<\/li>\n\n\n\n<li>Presentaci\u00f3n modificaci\u00f3n de los borradores de las convocatorias A1 INF y A1 BIB.<\/li>\n\n\n\n<li>Situaci\u00f3n actual de la implantaci\u00f3n del Modelo de Direcci\u00f3n por Objetivos (DPO).<\/li>\n\n\n\n<li>Presentaci\u00f3n de la Propuesta del Plan extraordinario de integraci\u00f3n en la RPT de la UMA de puestos o funciones de naturaleza estructural y permanente no incluidos (Cap\u00edtulo VI).<\/li>\n\n\n\n<li>Informaci\u00f3n y seguimiento de la aplicaci\u00f3n del contenido del PORHUMA (art\u00edculo 51).<\/li>\n\n\n\n<li>Ruegos y preguntas.<\/li>\n<\/ol>\n\n\n\n<p><strong><u>Modelo de Direcci\u00f3n por Objetivos (DPO).<\/u><\/strong><\/p>\n\n\n\n<p>La sesi\u00f3n se inici\u00f3 adelantando este punto para facilitar la intervenci\u00f3n del jefe del Servicio de Calidad, quien expuso el desarrollo de la implantaci\u00f3n del modelo DPO, vinculado a la Carrera Horizontal y planteado este primer a\u00f1o como experiencia piloto.<\/p>\n\n\n\n<p>El sistema se ha articulado en tres fases y se ha gestionado mediante una aplicaci\u00f3n propia del Servicio de Calidad, que ser\u00e1 sustituida en pr\u00f3ximas ediciones por un m\u00f3dulo espec\u00edfico integrado en la aplicaci\u00f3n de Carrera Horizontal del SCI.<\/p>\n\n\n\n<p>Se han definido 310 objetivos (71% individuales y 29% grupales) en 20 \u00e1reas universitarias, con un grado de aceptaci\u00f3n actual del 94%, quedando a\u00fan 55 personas pendientes. Los objetivos se establecen por consenso y, en servicios de mayor tama\u00f1o, se ha delegado la responsabilidad en jefaturas intermedias.<\/p>\n\n\n\n<p>Se aclar\u00f3 que el incumplimiento de la DPO afecta al primer escal\u00f3n de la Carrera Horizontal y al cuarto tramo de productividad, pero no a los escalones 2, 3 y 4, que ya est\u00e1n consolidados. Asimismo, se inform\u00f3 de una pr\u00f3xima reuni\u00f3n a nivel andaluz (17 de mayo) para unificar criterios sobre Carrera Horizontal y DPO.<\/p>\n\n\n\n<p><strong><u>Aprobaci\u00f3n de acta e informe de la Delegaci\u00f3n del Rector<\/u><\/strong><\/p>\n\n\n\n<p>A continuaci\u00f3n, <a href=\"https:\/\/www.situma.es\/wp-content\/uploads\/2026\/04\/Acta-MSN-de-PTGAS-06.02.2026.report.pdf\" data-type=\"URL\" data-id=\"https:\/\/www.situma.es\/wp-content\/uploads\/2026\/04\/Acta-MSN-de-PTGAS-06.02.2026.report.pdf\" target=\"_blank\" rel=\"noreferrer noopener\">se aprob\u00f3 el acta de la sesi\u00f3n anterior<\/a> y se present\u00f3 el <a href=\"https:\/\/www.situma.es\/wp-content\/uploads\/2026\/04\/20260420_Informe-Delegacion-del-Rector.pdf\" data-type=\"URL\" data-id=\"https:\/\/www.situma.es\/wp-content\/uploads\/2026\/04\/20260420_Informe-Delegacion-del-Rector.pdf\" target=\"_blank\" rel=\"noreferrer noopener\">informe de la Delegaci\u00f3n del Rector,<\/a> destacando:<\/p>\n\n\n\n<ul>\n<li>Avance en la campa\u00f1a de detecci\u00f3n de c\u00e1ncer de cuello uterino y mama, con el pliego ya remitido a Contrataci\u00f3n.<\/li>\n\n\n\n<li>Tramitaci\u00f3n de la nueva Instrucci\u00f3n Interna, actualmente en fase de validaci\u00f3n por el Equipo de Direcci\u00f3n, tras lo cual volver\u00e1 a la Mesa antes de su elevaci\u00f3n al Consejo de Gobierno.<\/li>\n\n\n\n<li>Seguimiento positivo del Plan de Ajuste de la UMA por parte de la Junta de Andaluc\u00eda. Se inform\u00f3 tambi\u00e9n de una mejora en la financiaci\u00f3n auton\u00f3mica para afrontar costes de personal y abono de atrasos (Carrera Horizontal del PTGAS y sexenios auton\u00f3micos del PDI).<\/li>\n\n\n\n<li>Presentaci\u00f3n de un primer borrador de la OPE 2026, que continuar\u00e1 negoci\u00e1ndose en la pr\u00f3xima sesi\u00f3n.<\/li>\n\n\n\n<li>Previsi\u00f3n de pr\u00f3ximas reuniones (30 de abril) y anuncio comenzar a trabajar en la implantaci\u00f3n de los quinquenios tras el verano.<\/li>\n<\/ul>\n\n\n\n<p><strong><u>Teletrabajo<\/u><\/strong><\/p>\n\n\n\n<p>Se aprob\u00f3 la modificaci\u00f3n del Anexo I para incorporar los nuevos puestos declarados como teletrabajables por la Comisi\u00f3n de Seguimiento y Evaluaci\u00f3n del Teletrabajo.<\/p>\n\n\n\n<p><strong><u>Promoci\u00f3n interna A1 (Inform\u00e1tica y Bibliotecas)<\/u><\/strong><\/p>\n\n\n\n<p>Se abord\u00f3 la negociaci\u00f3n de los borradores de convocatorias de promoci\u00f3n interna. Desde la parte sindical se present\u00f3 una propuesta un\u00e1nime de la Junta de PTGAS para homogeneizar los criterios de todas las convocatorias (fases de concurso y oposici\u00f3n, tipolog\u00eda de pruebas), manteniendo como \u00fanica diferencia los temarios espec\u00edficos de cada escala.<\/p>\n\n\n\n<p>La propuesta, trabajada en la Junta de PTGAS y respaldada por todas las secciones sindicales de forma un\u00e1nime, fue expuesta en la Mesa, quedando pendiente de an\u00e1lisis por la Delegaci\u00f3n, que solicit\u00f3 unos d\u00edas para su valoraci\u00f3n antes de retomar la negociaci\u00f3n en una pr\u00f3xima sesi\u00f3n.<\/p>\n\n\n\n<p><strong><u>Otros asuntos<\/u><\/strong><\/p>\n\n\n\n<p>Los puntos relativos al plan extraordinario de integraci\u00f3n en la RPT y al seguimiento del art\u00edculo 51 del PORHUMA fueron aplazados a la reuni\u00f3n del 30 de abril.<\/p>\n\n\n\n<h3><a name=\"teletrabajo\"><\/a>COMISI\u00d3N DE SEGUIMIENTO Y EVALUACION DEL TELETRABAJO<\/h3>\n\n\n\n<p>El pasado lunes, desde las 9:30 horas, se reuni\u00f3 la Comisi\u00f3n del Teletrabajo con el siguiente orden del d\u00eda:<\/p>\n\n\n\n<ol type=\"1\">\n<li>Aprobaci\u00f3n, si procede, del <a href=\"https:\/\/www.situma.es\/wp-content\/uploads\/2026\/04\/Acta-Comision-10.12.2025-actualizada.report.pdf\" data-type=\"URL\" data-id=\"https:\/\/www.situma.es\/wp-content\/uploads\/2026\/04\/Acta-Comision-10.12.2025-actualizada.report.pdf\" target=\"_blank\" rel=\"noreferrer noopener\">Acta de la reuni\u00f3n de la Comisi\u00f3n de 10 de diciembre de 2025<\/a>.<\/li>\n\n\n\n<li>Aprobaci\u00f3n, si procede, de las peticiones de modificaci\u00f3n del Anexo I.<\/li>\n\n\n\n<li>Presentaci\u00f3n y estudio de solicitudes presentadas a la Comisi\u00f3n.<\/li>\n\n\n\n<li>Informaci\u00f3n de la situaci\u00f3n de las solicitudes por Art. 4.<\/li>\n\n\n\n<li>Ruegos y Preguntas.<\/li>\n<\/ol>\n\n\n\n<p>Tras la <a href=\"https:\/\/www.situma.es\/wp-content\/uploads\/2026\/04\/Acta-Comision-10.12.2025-actualizada.report.pdf\" data-type=\"URL\" data-id=\"https:\/\/www.situma.es\/wp-content\/uploads\/2026\/04\/Acta-Comision-10.12.2025-actualizada.report.pdf\" target=\"_blank\" rel=\"noreferrer noopener\">aprobaci\u00f3n del acta<\/a>, una vez incorporadas las modificaciones propuestas por SITUMA, el presidente de la Comisi\u00f3n expone las solicitudes recibidas para la conversi\u00f3n de determinados puestos en teletrabajables, a iniciativa de sus respectivos supervisores.<\/p>\n\n\n\n<p>Tras su an\u00e1lisis, la Comisi\u00f3n aprueba por unanimidad la consideraci\u00f3n como teletrabajables de los siguientes puestos: Administrativo\/a de la UDA de Psicolog\u00eda y Logopedia; dos plazas de T\u00e9cnico\/a Especialista de Laboratorio del Departamento de Qu\u00edmica F\u00edsica; una plaza del mismo perfil en el Departamento de Qu\u00edmica Inorg\u00e1nica y Cristalograf\u00eda; y todas las plazas de Encargado\/a de Equipo de Conserjer\u00eda.<\/p>\n\n\n\n<p>A continuaci\u00f3n, se abordan cuatro solicitudes de ampliaci\u00f3n de teletrabajo (tres de un servicio y una de otro), en las que se solicita un segundo d\u00eda tras no haberse alcanzado acuerdo con las correspondientes personas supervisoras, quienes adem\u00e1s han remitido informe justificativo a la Comisi\u00f3n. Tras su estudio, y a propuesta de SITUMA con el respaldo del resto de secciones sindicales, se acuerda que el Presidente contacte con ambos supervisores para instar a alcanzar un acuerdo favorable a la ampliaci\u00f3n a dos d\u00edas, al no resultar convincentes para la Comisi\u00f3n las razones expuestas para su denegaci\u00f3n.<\/p>\n\n\n\n<p>Seguidamente, se analizan seis solicitudes de ampliaci\u00f3n de teletrabajo al amparo del art\u00edculo 4 del Reglamento, actualmente pendientes de los informes preceptivos del Servicio M\u00e9dico o de los Trabajadores Sociales, seg\u00fan los casos (salud o conciliaci\u00f3n familiar).<\/p>\n\n\n\n<p>En este punto, SITUMA plantea la necesidad de que dichos informes sean expuestos directamente ante la Comisi\u00f3n por sus responsables, al igual que sucede en el COSESAL, con el fin de disponer de m\u00e1s informaci\u00f3n para una valoraci\u00f3n individualizada de cada caso y evitar decisiones homog\u00e9neas sin criterio suficiente. Tras el debate, se acuerda incorporar esta pr\u00e1ctica en futuras sesiones.<\/p>\n\n\n\n<p>Finalmente, en el turno de ruegos y preguntas, SITUMA solicita retomar la revisi\u00f3n del Reglamento de Teletrabajo, al haber transcurrido un tiempo suficiente desde su aprobaci\u00f3n y aplicaci\u00f3n como para detectar aspectos mejorables. La presidencia comparte la necesidad y emplaza a la parte sindical a presentar propuestas de mejora.<\/p>\n\n\n\n<h3><strong>SITUMA: de Todos y para TODOS. Somos TU VOZ y te mantenemos SIEMPRE informado.<\/strong><\/h3>\n","protected":false},"excerpt":{"rendered":"<p>Estimadas\/os compa\u00f1eras\/os: Os informamos de las reuniones que se celebraron la semana pasada en las que SITUMA ha participado de forma activa para defender<\/p>\n","protected":false},"author":2,"featured_media":8216,"comment_status":"open","ping_status":"closed","sticky":false,"template":"","format":"standard","meta":{"jetpack_publicize_message":"","jetpack_is_tweetstorm":false,"jetpack_publicize_feature_enabled":true,"jetpack_social_post_already_shared":true,"jetpack_social_options":[]},"categories":[12,32,28,29],"tags":[],"jetpack_publicize_connections":[],"jetpack_featured_media_url":"https:\/\/www.situma.es\/wp-content\/uploads\/2026\/04\/20260427_diarioReuniones.jpg","jetpack_sharing_enabled":true,"jetpack_likes_enabled":true,"_links":{"self":[{"href":"https:\/\/www.situma.es\/index.php?rest_route=\/wp\/v2\/posts\/8192"}],"collection":[{"href":"https:\/\/www.situma.es\/index.php?rest_route=\/wp\/v2\/posts"}],"about":[{"href":"https:\/\/www.situma.es\/index.php?rest_route=\/wp\/v2\/types\/post"}],"author":[{"embeddable":true,"href":"https:\/\/www.situma.es\/index.php?rest_route=\/wp\/v2\/users\/2"}],"replies":[{"embeddable":true,"href":"https:\/\/www.situma.es\/index.php?rest_route=%2Fwp%2Fv2%2Fcomments&post=8192"}],"version-history":[{"count":10,"href":"https:\/\/www.situma.es\/index.php?rest_route=\/wp\/v2\/posts\/8192\/revisions"}],"predecessor-version":[{"id":8237,"href":"https:\/\/www.situma.es\/index.php?rest_route=\/wp\/v2\/posts\/8192\/revisions\/8237"}],"wp:featuredmedia":[{"embeddable":true,"href":"https:\/\/www.situma.es\/index.php?rest_route=\/wp\/v2\/media\/8216"}],"wp:attachment":[{"href":"https:\/\/www.situma.es\/index.php?rest_route=%2Fwp%2Fv2%2Fmedia&parent=8192"}],"wp:term":[{"taxonomy":"category","embeddable":true,"href":"https:\/\/www.situma.es\/index.php?rest_route=%2Fwp%2Fv2%2Fcategories&post=8192"},{"taxonomy":"post_tag","embeddable":true,"href":"https:\/\/www.situma.es\/index.php?rest_route=%2Fwp%2Fv2%2Ftags&post=8192"}],"curies":[{"name":"wp","href":"https:\/\/api.w.org\/{rel}","templated":true}]}}