{"id":8217,"date":"2026-04-27T11:55:06","date_gmt":"2026-04-27T09:55:06","guid":{"rendered":"https:\/\/www.situma.es\/?p=8217"},"modified":"2026-04-27T12:31:42","modified_gmt":"2026-04-27T10:31:42","slug":"declaracion-irpf-2025-atrasos-abonados-en-2026","status":"publish","type":"post","link":"https:\/\/www.situma.es\/?p=8217","title":{"rendered":"Declaraci\u00f3n IRPF 2025: atrasos abonados en 2026"},"content":{"rendered":"\n<p>Estimadas\/os compa\u00f1eras\/os:<\/p>\n\n\n\n<p>Ante las dudas que se est\u00e1n planteando sobre c\u00f3mo reflejar en la declaraci\u00f3n del IRPF las cantidades abonadas en enero de 2026 correspondientes a atrasos devengados en 2025, desde SITUMA trasladamos la siguiente informaci\u00f3n aclaratoria.<\/p>\n\n\n\n<hr class=\"wp-block-separator has-alpha-channel-opacity\"\/>\n\n\n\n<h4><strong>EXPLICACI\u00d3N EN 1 MINUTO<\/strong><\/h4>\n\n\n\n<p>Si prefieres una explicaci\u00f3n r\u00e1pida y clara, hemos preparado un v\u00eddeo resumen con los puntos clave:<\/p>\n\n\n\n<p class=\"has-text-align-center\">\u25b6\ufe0f\u00a0<strong>YouTube<\/strong> &#8211; \ud83c\udfb5\u00a0<strong>TikTok<\/strong> -\ud83d\udcf1\u00a0<strong>Instagram<\/strong><\/p>\n\n\n\n<hr class=\"wp-block-separator has-alpha-channel-opacity\"\/>\n\n\n\n<h4><strong>1. \u00bfQu\u00e9 ha ocurrido?<\/strong><\/h4>\n\n\n\n<p>En enero de 2026 se han abonado los atrasos correspondientes a la subida salarial del&nbsp;<strong>2,5% de 2025<\/strong>, que no pudieron hacerse efectivos antes de finalizar dicho ejercicio por cuestiones presupuestarias.<\/p>\n\n\n\n<p>Aunque el pago se haya realizado en 2026,&nbsp;<strong>estos atrasos corresponden fiscalmente al ejercicio 2025<\/strong>.<\/p>\n\n\n\n<h4><strong>2. \u00bfC\u00f3mo deben declararse estos atrasos?<\/strong><\/h4>\n\n\n\n<p>Seg\u00fan la <a rel=\"noreferrer noopener\" href=\"https:\/\/sede.agenciatributaria.gob.es\/Sede\/ayuda\/manuales-videos-folletos\/manuales-practicos\/irpf-2025\/c18-cuota-liquida-resultante-autoliquidacion\/regularizacion-situaciones-tributarias\/supuestos-especificos-irpf\/percepcion-atrasos-rendimientos-trabajo.html\" data-type=\"URL\" data-id=\"https:\/\/sede.agenciatributaria.gob.es\/Sede\/ayuda\/manuales-videos-folletos\/manuales-practicos\/irpf-2025\/c18-cuota-liquida-resultante-autoliquidacion\/regularizacion-situaciones-tributarias\/supuestos-especificos-irpf\/percepcion-atrasos-rendimientos-trabajo.html\" target=\"_blank\">normativa de la Agencia Tributaria<\/a>, el <a rel=\"noreferrer noopener\" href=\"https:\/\/sede.agenciatributaria.gob.es\/Sede\/ayuda\/manuales-videos-folletos\/manuales-practicos\/irpf-2025\/c03-rendimientos-trabajo\/imputacion-temporal-rendimientos-trabajo.html\" data-type=\"URL\" data-id=\"https:\/\/sede.agenciatributaria.gob.es\/Sede\/ayuda\/manuales-videos-folletos\/manuales-practicos\/irpf-2025\/c03-rendimientos-trabajo\/imputacion-temporal-rendimientos-trabajo.html\" target=\"_blank\">manual pr\u00e1ctico de la Renta 2025<\/a> y las consultas realizadas desde SITUMA,  tanto a responsables t\u00e9cnicos y pol\u00edticos de Gerencia de la UMA, como a asesor\u00edas externas:<\/p>\n\n\n\n<ul>\n<li><strong>Los atrasos deben incluirse en la declaraci\u00f3n del IRPF de 2025.<\/strong><\/li>\n<\/ul>\n\n\n\n<p>Esto implica que:<\/p>\n\n\n\n<ul>\n<li>Si a\u00fan&nbsp;<strong>no has presentado la declaraci\u00f3n<\/strong>, deber\u00e1s incorporarlos directamente.<\/li>\n\n\n\n<li>Si ya la has presentado, deber\u00e1s realizar una&nbsp;<strong>declaraci\u00f3n complementaria<\/strong>.<\/li>\n<\/ul>\n\n\n\n<h4><strong>3. \u00bfC\u00f3mo se incorporan los atrasos?<\/strong><\/h4>\n\n\n\n<p>Dado que estas cantidades:<\/p>\n\n\n\n<ul>\n<li>No aparecer\u00e1n en los datos fiscales<\/li>\n\n\n\n<li>Tampoco figuran en el certificado de retenciones de 2025<\/li>\n<\/ul>\n\n\n\n<p>Ser\u00e1 necesario incorporarlas&nbsp;<strong>manualmente<\/strong>, incluyendo:<\/p>\n\n\n\n<ul>\n<li>Importe \u00edntegro percibido<\/li>\n\n\n\n<li>Retenciones practicadas<\/li>\n\n\n\n<li>Gastos deducibles correspondientes<\/li>\n<\/ul>\n\n\n\n<p>Todo ello conforme a las <a href=\"https:\/\/www.situma.es\/wp-content\/uploads\/2026\/04\/Instrucciones-para-incorporar-los-datos-al-borrador-IRPF-2025.pdf\" data-type=\"URL\" data-id=\"https:\/\/www.situma.es\/wp-content\/uploads\/2026\/04\/Instrucciones-para-incorporar-los-datos-al-borrador-IRPF-2025.pdf\" target=\"_blank\" rel=\"noreferrer noopener\">instrucciones facilitadas por la Gerencia<\/a> de la UMA.<\/p>\n\n\n\n<h4><strong>4. \u00bfQu\u00e9 dice la Agencia Tributaria?<\/strong><\/h4>\n\n\n\n<p>La normativa establece que:<\/p>\n\n\n\n<ul>\n<li>Si los atrasos se perciben&nbsp;<strong>antes del inicio de la campa\u00f1a de renta (7 de abril de 2026)<\/strong>:\n<ul>\n<li><strong>Si corresponden a 2025 (como es este caso)<\/strong>&nbsp;\u2192 se incluyen en la declaraci\u00f3n de 2025.<\/li>\n\n\n\n<li><strong>Si correspondieran a a\u00f1os anteriores<\/strong>&nbsp;\u2192 habr\u00eda que presentar una complementaria del ejercicio correspondiente.<\/li>\n<\/ul>\n<\/li>\n<\/ul>\n\n\n\n<p>El plazo de presentaci\u00f3n de la renta 2025 finaliza el&nbsp;<strong>30 de junio de 2026<\/strong>.<\/p>\n\n\n\n<h4><strong>5. Informaci\u00f3n importante para futuras comprobaciones<\/strong><\/h4>\n\n\n\n<ul>\n<li>Los atrasos aparecer\u00e1n en el&nbsp;<strong>certificado de retenciones de 2026<\/strong>, identificados como tales.<\/li>\n\n\n\n<li>La Agencia Tributaria tendr\u00e1 constancia de estos importes y&nbsp;<strong>comprobar\u00e1 que han sido correctamente declarados en 2025<\/strong>.<\/li>\n\n\n\n<li>En el borrador de la renta de 2026&nbsp;<strong>no se incorporar\u00e1n estos atrasos<\/strong>, pero s\u00ed ser\u00e1n objeto de verificaci\u00f3n.<\/li>\n<\/ul>\n\n\n\n<h4><strong>6. Recomendaci\u00f3n final<\/strong><\/h4>\n\n\n\n<p>Desde SITUMA recomendamos revisar detenidamente la declaraci\u00f3n del IRPF de 2025 e incorporar los atrasos o presentar una declaraci\u00f3n complementaria, en caso de duda, consultar con un profesional o con la propia Agencia Tributaria para evitar posibles regularizaciones posteriores.<\/p>\n\n\n\n<h3><strong>SITUMA: de Todos y para TODOS. Somos TU VOZ y te mantenemos SIEMPRE informado.<\/strong><\/h3>\n","protected":false},"excerpt":{"rendered":"<p>Estimadas\/os compa\u00f1eras\/os: Ante las dudas que se est\u00e1n planteando sobre c\u00f3mo reflejar en la declaraci\u00f3n del IRPF las cantidades abonadas en enero de 2026<\/p>\n","protected":false},"author":2,"featured_media":8219,"comment_status":"open","ping_status":"closed","sticky":false,"template":"","format":"standard","meta":{"jetpack_publicize_message":"","jetpack_is_tweetstorm":false,"jetpack_publicize_feature_enabled":true,"jetpack_social_post_already_shared":true,"jetpack_social_options":[]},"categories":[9,14,15,33,32,28],"tags":[],"jetpack_publicize_connections":[],"jetpack_featured_media_url":"https:\/\/www.situma.es\/wp-content\/uploads\/2026\/04\/20260427_infoDeclaracionRenta2025.jpg","jetpack_sharing_enabled":true,"jetpack_likes_enabled":true,"_links":{"self":[{"href":"https:\/\/www.situma.es\/index.php?rest_route=\/wp\/v2\/posts\/8217"}],"collection":[{"href":"https:\/\/www.situma.es\/index.php?rest_route=\/wp\/v2\/posts"}],"about":[{"href":"https:\/\/www.situma.es\/index.php?rest_route=\/wp\/v2\/types\/post"}],"author":[{"embeddable":true,"href":"https:\/\/www.situma.es\/index.php?rest_route=\/wp\/v2\/users\/2"}],"replies":[{"embeddable":true,"href":"https:\/\/www.situma.es\/index.php?rest_route=%2Fwp%2Fv2%2Fcomments&post=8217"}],"version-history":[{"count":13,"href":"https:\/\/www.situma.es\/index.php?rest_route=\/wp\/v2\/posts\/8217\/revisions"}],"predecessor-version":[{"id":8243,"href":"https:\/\/www.situma.es\/index.php?rest_route=\/wp\/v2\/posts\/8217\/revisions\/8243"}],"wp:featuredmedia":[{"embeddable":true,"href":"https:\/\/www.situma.es\/index.php?rest_route=\/wp\/v2\/media\/8219"}],"wp:attachment":[{"href":"https:\/\/www.situma.es\/index.php?rest_route=%2Fwp%2Fv2%2Fmedia&parent=8217"}],"wp:term":[{"taxonomy":"category","embeddable":true,"href":"https:\/\/www.situma.es\/index.php?rest_route=%2Fwp%2Fv2%2Fcategories&post=8217"},{"taxonomy":"post_tag","embeddable":true,"href":"https:\/\/www.situma.es\/index.php?rest_route=%2Fwp%2Fv2%2Ftags&post=8217"}],"curies":[{"name":"wp","href":"https:\/\/api.w.org\/{rel}","templated":true}]}}